{"id":564,"count":0,"description":"Une baie intime et lumineuse pr\u00e8s de Palau, o\u00f9 granit poli, eaux turquoise et vues sur l\u2019Archipel cr\u00e9ent une atmosph\u00e8re \u00e9l\u00e9gante et paisible.","link":"https:\/\/flagsardinia.com\/fr\/localite\/cala-capra-sardaigne\/","name":"Cala Capra","slug":"cala-capra-sardaigne","taxonomy":"localita","parent":551,"meta":[],"acf":[],"_links":{"self":[{"href":"https:\/\/flagsardinia.com\/fr\/wp-json\/wp\/v2\/localita\/564","targetHints":{"allow":["GET"]}}],"collection":[{"href":"https:\/\/flagsardinia.com\/fr\/wp-json\/wp\/v2\/localita"}],"about":[{"href":"https:\/\/flagsardinia.com\/fr\/wp-json\/wp\/v2\/taxonomies\/localita"}],"up":[{"embeddable":true,"href":"https:\/\/flagsardinia.com\/fr\/wp-json\/wp\/v2\/localita\/551"}],"wp:post_type":[{"href":"https:\/\/flagsardinia.com\/fr\/wp-json\/wp\/v2\/product?localita=564"}],"curies":[{"name":"wp","href":"https:\/\/api.w.org\/{rel}","templated":true}]}}